{"id":3913,"date":"2021-01-10T13:40:21","date_gmt":"2021-01-10T12:40:21","guid":{"rendered":"http:\/\/gsgiesen.g-werbe.net\/?p=3913"},"modified":"2021-01-11T07:24:02","modified_gmt":"2021-01-11T06:24:02","slug":"der-neue-vorstand-des-foerdervereins-der-grundschule-hasede","status":"publish","type":"post","link":"http:\/\/gsgiesen.g-werbe.net\/index.php\/2021\/01\/10\/der-neue-vorstand-des-foerdervereins-der-grundschule-hasede\/","title":{"rendered":"Der neue Vorstand des F\u00f6rdervereins der Grundschule Hasede"},"content":{"rendered":"<p>Am 17. November 2020 fand in der Turnhalle Hasede die Mitgliederversammlung des F\u00f6rdervereins statt.<\/p>\n<p>Nach einem kurzen Gesch\u00e4ftsbericht durch Nicole Voges fanden Neuwahlen des Vorstandes statt.<\/p>\n<p>Das Amt der 1. Vorsitzenden des F\u00f6rdervereins \u00fcbernimmt Janina Willers. Als zweite Vorsitzende wird Ramona Gmyrek gew\u00e4hlt. Christina Nave wechselt von der Schriftf\u00fchrerin zur Kassenwartin. Den Posten als Schriftf\u00fchrerin \u00fcbernimmt Ina Pommorin. Die Beisitzerinnen, Eileen M\u00f6bes und Britta Weise, bleiben unver\u00e4ndert im Amt.<\/p>\n<p>Vielen Dank an die ausgeschiedenen Vorstandsmitglieder: Nicole Voges, Gabriele Kellermann und Carola Oppermann.<\/p>\n<p>Mit diesem gut besetzten neuen Vorstand \u00a0k\u00f6nnen auch in Zukunft wieder zahlreiche sch\u00f6ne und wichtige Aktionen durchgef\u00fchrt werden.<\/p>\n<div id=\"attachment_3923\" style=\"width: 670px\" class=\"wp-caption alignleft\"><img loading=\"lazy\" decoding=\"async\" aria-describedby=\"caption-attachment-3923\" class=\"size-medium wp-image-3923\" src=\"http:\/\/gsgiesen.g-werbe.net\/wp-content\/uploads\/2021\/01\/FV-Vorstand2-660x495.jpg\" alt=\"\" width=\"660\" height=\"495\" srcset=\"http:\/\/gsgiesen.g-werbe.net\/wp-content\/uploads\/2021\/01\/FV-Vorstand2-660x495.jpg 660w, http:\/\/gsgiesen.g-werbe.net\/wp-content\/uploads\/2021\/01\/FV-Vorstand2.jpg 1024w\" sizes=\"auto, (max-width: 660px) 100vw, 660px\" \/><p id=\"caption-attachment-3923\" class=\"wp-caption-text\">(hintere Reihe von links: Christina Nave, Ina Pommorin, Ramona Gmyrek; vordere Reihe von links: Britta Weise, Janina Willers, Eileen M\u00f6bes)<\/p><\/div>\n","protected":false},"excerpt":{"rendered":"<p>Am 17. November 2020 fand in der Turnhalle Hasede die Mitgliederversammlung des F\u00f6rdervereins statt. Nach einem kurzen Gesch\u00e4ftsbericht durch Nicole Voges fanden Neuwahlen des Vorstandes statt. Das Amt der 1. Vorsitzenden des F\u00f6rdervereins \u00fcbernimmt Janina Willers. Als zweite Vorsitzende wird Ramona Gmyrek gew\u00e4hlt. Christina Nave wechselt von der Schriftf\u00fchrerin zur Kassenwartin. Den Posten als Schriftf\u00fchrerin [&hellip;]<\/p>\n","protected":false},"author":15,"featured_media":0,"comment_status":"closed","ping_status":"closed","sticky":false,"template":"","format":"standard","meta":{"footnotes":""},"categories":[20],"tags":[],"class_list":["post-3913","post","type-post","status-publish","format-standard","hentry","category-foerderverein_hasede"],"_links":{"self":[{"href":"http:\/\/gsgiesen.g-werbe.net\/index.php\/wp-json\/wp\/v2\/posts\/3913","targetHints":{"allow":["GET"]}}],"collection":[{"href":"http:\/\/gsgiesen.g-werbe.net\/index.php\/wp-json\/wp\/v2\/posts"}],"about":[{"href":"http:\/\/gsgiesen.g-werbe.net\/index.php\/wp-json\/wp\/v2\/types\/post"}],"author":[{"embeddable":true,"href":"http:\/\/gsgiesen.g-werbe.net\/index.php\/wp-json\/wp\/v2\/users\/15"}],"replies":[{"embeddable":true,"href":"http:\/\/gsgiesen.g-werbe.net\/index.php\/wp-json\/wp\/v2\/comments?post=3913"}],"version-history":[{"count":4,"href":"http:\/\/gsgiesen.g-werbe.net\/index.php\/wp-json\/wp\/v2\/posts\/3913\/revisions"}],"predecessor-version":[{"id":3926,"href":"http:\/\/gsgiesen.g-werbe.net\/index.php\/wp-json\/wp\/v2\/posts\/3913\/revisions\/3926"}],"wp:attachment":[{"href":"http:\/\/gsgiesen.g-werbe.net\/index.php\/wp-json\/wp\/v2\/media?parent=3913"}],"wp:term":[{"taxonomy":"category","embeddable":true,"href":"http:\/\/gsgiesen.g-werbe.net\/index.php\/wp-json\/wp\/v2\/categories?post=3913"},{"taxonomy":"post_tag","embeddable":true,"href":"http:\/\/gsgiesen.g-werbe.net\/index.php\/wp-json\/wp\/v2\/tags?post=3913"}],"curies":[{"name":"wp","href":"https:\/\/api.w.org\/{rel}","templated":true}]}}