{"id":4078,"date":"2021-12-07T08:49:03","date_gmt":"2021-12-07T07:49:03","guid":{"rendered":"http:\/\/gsgiesen.g-werbe.net\/?p=4078"},"modified":"2021-12-07T08:53:47","modified_gmt":"2021-12-07T07:53:47","slug":"dezember-2021-news-vom-foerderverein","status":"publish","type":"post","link":"http:\/\/gsgiesen.g-werbe.net\/index.php\/2021\/12\/07\/dezember-2021-news-vom-foerderverein\/","title":{"rendered":"Dezember 2021: News vom F\u00f6rderverein"},"content":{"rendered":"<p>Zum Ende des Jahres wollen wir euch in einem Newsletter \u00fcber die Aktivit\u00e4ten des F\u00f6rdervereins informieren.<\/p>\n<p>Wir w\u00fcnschen allen Kindern und ihren Familien eine besinnliche Adventszeit, ein sch\u00f6nes Weihnachtsfest und einen guten Rutsch ins neue Jahr.<\/p>\n<p>Auch in 2022 freuen wir uns auf viele gemeinsame Aktionen &#8222;mit den Kindern f\u00fcr die Kinder&#8220;.<\/p>\n<p>Euer F\u00f6rderverein<\/p>\n<p>&nbsp;<\/p>\n<p><a href=\"http:\/\/gsgiesen.g-werbe.net\/wp-content\/uploads\/2021\/12\/Newsletter_12-2021.pdf\" target=\"_blank\" rel=\"noopener\">&gt;&gt;&gt; Newsletter<\/a><\/p>\n<p>&nbsp;<\/p>\n<div><\/div>\n<div><img loading=\"lazy\" decoding=\"async\" class=\"alignnone size-medium wp-image-4079\" src=\"http:\/\/gsgiesen.g-werbe.net\/wp-content\/uploads\/2021\/12\/Weihnachtsbaum-GS-Hasede-600x800.jpg\" alt=\"\" width=\"600\" height=\"800\" srcset=\"http:\/\/gsgiesen.g-werbe.net\/wp-content\/uploads\/2021\/12\/Weihnachtsbaum-GS-Hasede-600x800.jpg 600w, http:\/\/gsgiesen.g-werbe.net\/wp-content\/uploads\/2021\/12\/Weihnachtsbaum-GS-Hasede-660x880.jpg 660w, http:\/\/gsgiesen.g-werbe.net\/wp-content\/uploads\/2021\/12\/Weihnachtsbaum-GS-Hasede.jpg 1536w\" sizes=\"auto, (max-width: 600px) 100vw, 600px\" \/><\/div>\n","protected":false},"excerpt":{"rendered":"<p>Zum Ende des Jahres wollen wir euch in einem Newsletter \u00fcber die Aktivit\u00e4ten des F\u00f6rdervereins informieren. Wir w\u00fcnschen allen Kindern und ihren Familien eine besinnliche Adventszeit, ein sch\u00f6nes Weihnachtsfest und einen guten Rutsch ins neue Jahr. Auch in 2022 freuen wir uns auf viele gemeinsame Aktionen &#8222;mit den Kindern f\u00fcr die Kinder&#8220;. Euer F\u00f6rderverein &nbsp; [&hellip;]<\/p>\n","protected":false},"author":12,"featured_media":0,"comment_status":"closed","ping_status":"closed","sticky":false,"template":"","format":"standard","meta":{"footnotes":""},"categories":[20],"tags":[],"class_list":["post-4078","post","type-post","status-publish","format-standard","hentry","category-foerderverein_hasede"],"_links":{"self":[{"href":"http:\/\/gsgiesen.g-werbe.net\/index.php\/wp-json\/wp\/v2\/posts\/4078","targetHints":{"allow":["GET"]}}],"collection":[{"href":"http:\/\/gsgiesen.g-werbe.net\/index.php\/wp-json\/wp\/v2\/posts"}],"about":[{"href":"http:\/\/gsgiesen.g-werbe.net\/index.php\/wp-json\/wp\/v2\/types\/post"}],"author":[{"embeddable":true,"href":"http:\/\/gsgiesen.g-werbe.net\/index.php\/wp-json\/wp\/v2\/users\/12"}],"replies":[{"embeddable":true,"href":"http:\/\/gsgiesen.g-werbe.net\/index.php\/wp-json\/wp\/v2\/comments?post=4078"}],"version-history":[{"count":7,"href":"http:\/\/gsgiesen.g-werbe.net\/index.php\/wp-json\/wp\/v2\/posts\/4078\/revisions"}],"predecessor-version":[{"id":4087,"href":"http:\/\/gsgiesen.g-werbe.net\/index.php\/wp-json\/wp\/v2\/posts\/4078\/revisions\/4087"}],"wp:attachment":[{"href":"http:\/\/gsgiesen.g-werbe.net\/index.php\/wp-json\/wp\/v2\/media?parent=4078"}],"wp:term":[{"taxonomy":"category","embeddable":true,"href":"http:\/\/gsgiesen.g-werbe.net\/index.php\/wp-json\/wp\/v2\/categories?post=4078"},{"taxonomy":"post_tag","embeddable":true,"href":"http:\/\/gsgiesen.g-werbe.net\/index.php\/wp-json\/wp\/v2\/tags?post=4078"}],"curies":[{"name":"wp","href":"https:\/\/api.w.org\/{rel}","templated":true}]}}